{"id":94,"date":"2015-03-27T15:42:00","date_gmt":"2015-03-27T18:42:00","guid":{"rendered":"http:\/\/direitopenaledemocracia.ufpa.br\/2015\/03\/27\/sessao-de-desagravo-organizada-pela-comissao-da-memoria-e-verdade-da-ufpa\/"},"modified":"2015-03-27T15:42:00","modified_gmt":"2015-03-27T18:42:00","slug":"sessao-de-desagravo-organizada-pela-comissao-da-memoria-e-verdade-da-ufpa","status":"publish","type":"post","link":"https:\/\/direitopenaledemocracia.ufpa.br\/index.php\/sessao-de-desagravo-organizada-pela-comissao-da-memoria-e-verdade-da-ufpa\/","title":{"rendered":"Sess\u00e3o de Desagravo organizada pela Comiss\u00e3o da Mem\u00f3ria e Verdade da UFPA"},"content":{"rendered":"<div style=\"clear: both; text-align: center;\"><a href=\"http:\/\/4.bp.blogspot.com\/-G_EYrKiENxQ\/VRWkGYYAtKI\/AAAAAAAAAMc\/wg3aTvw4384\/s1600\/desagravo.png\" style=\"margin-left: 1em; margin-right: 1em;\"><img decoding=\"async\" loading=\"lazy\" border=\"0\" src=\"http:\/\/4.bp.blogspot.com\/-G_EYrKiENxQ\/VRWkGYYAtKI\/AAAAAAAAAMc\/wg3aTvw4384\/s1600\/desagravo.png\" height=\"359\" width=\"640\" \/><\/a><\/div>\n<div data-href=\"http:\/\/direitopenaledemocracia.blogspot.com.br\" data-width=\"439\"><\/div>\n","protected":false},"excerpt":{"rendered":"","protected":false},"author":2,"featured_media":0,"comment_status":"open","ping_status":"open","sticky":false,"template":"","format":"standard","meta":{"_et_pb_use_builder":"","_et_pb_old_content":"","_et_gb_content_width":""},"categories":[2],"tags":[],"_links":{"self":[{"href":"https:\/\/direitopenaledemocracia.ufpa.br\/index.php\/wp-json\/wp\/v2\/posts\/94"}],"collection":[{"href":"https:\/\/direitopenaledemocracia.ufpa.br\/index.php\/wp-json\/wp\/v2\/posts"}],"about":[{"href":"https:\/\/direitopenaledemocracia.ufpa.br\/index.php\/wp-json\/wp\/v2\/types\/post"}],"author":[{"embeddable":true,"href":"https:\/\/direitopenaledemocracia.ufpa.br\/index.php\/wp-json\/wp\/v2\/users\/2"}],"replies":[{"embeddable":true,"href":"https:\/\/direitopenaledemocracia.ufpa.br\/index.php\/wp-json\/wp\/v2\/comments?post=94"}],"version-history":[{"count":0,"href":"https:\/\/direitopenaledemocracia.ufpa.br\/index.php\/wp-json\/wp\/v2\/posts\/94\/revisions"}],"wp:attachment":[{"href":"https:\/\/direitopenaledemocracia.ufpa.br\/index.php\/wp-json\/wp\/v2\/media?parent=94"}],"wp:term":[{"taxonomy":"category","embeddable":true,"href":"https:\/\/direitopenaledemocracia.ufpa.br\/index.php\/wp-json\/wp\/v2\/categories?post=94"},{"taxonomy":"post_tag","embeddable":true,"href":"https:\/\/direitopenaledemocracia.ufpa.br\/index.php\/wp-json\/wp\/v2\/tags?post=94"}],"curies":[{"name":"wp","href":"https:\/\/api.w.org\/{rel}","templated":true}]}}