{"id":106,"date":"2015-01-15T09:55:00","date_gmt":"2015-01-15T11:55:00","guid":{"rendered":"http:\/\/direitopenaledemocracia.ufpa.br\/2015\/01\/15\/seminario-internacional-critica-e-questao-criminal-na-america-latina-balanco-e-perspectivas-15-12-2014\/"},"modified":"2015-01-15T09:55:00","modified_gmt":"2015-01-15T11:55:00","slug":"seminario-internacional-critica-e-questao-criminal-na-america-latina-balanco-e-perspectivas-15-12-2014","status":"publish","type":"post","link":"https:\/\/direitopenaledemocracia.ufpa.br\/index.php\/seminario-internacional-critica-e-questao-criminal-na-america-latina-balanco-e-perspectivas-15-12-2014\/","title":{"rendered":"SEMIN\u00c1RIO INTERNACIONAL CR\u00cdTICA E QUEST\u00c3O CRIMINAL NA AM\u00c9RICA LATINA: BALAN\u00c7O E PERSPECTIVAS &#8211; 15\/12\/2014"},"content":{"rendered":"<div align=\"justify\" style=\"background-color: white; line-height: 1.65em; margin-bottom: 1.5em; padding: 0px; text-align: justify;\"><span style=\"font-family: Verdana, sans-serif;\">Escola de Magistratura do Estado do Rio de Janeiro sediou durante os dias 15 e 16 de dezembro o semin\u00e1rio Internacional \u201cCr\u00edtica e Quest\u00e3o Criminal na Am\u00e9rica Latina: Balan\u00e7o e Perspectivas\u201d. Realizado no audit\u00f3rio Antonio Carlos Amorim, o encontro foi organizado pelo presidente do F\u00f3rum Permanente de Direitos Humanos, juiz Rubens Casara, pela soci\u00f3loga e secret\u00e1ria- geral do Instituto Carioca e Criminologia, Vera Malaguti Batista e pelo professor argentino Maximo Sozzo.<\/span><\/div>\n<div align=\"justify\" style=\"background-color: white; line-height: 1.65em; margin-bottom: 1.5em; padding: 0px; text-align: justify;\"><span style=\"font-family: Verdana, sans-serif;\">Durante a abertura do evento, o juiz Rubens Casara ressaltou: \u201cEsses eventos s\u00e3o fundamentais para pensarmos na democracia no sistema penal, nessa possibilidade de se transformar o sistema penal em algo al\u00e9m desse sistema terr\u00edvel de controle, pelo capital, das popula\u00e7\u00f5es indesejadas\u201d.<\/span><\/div>\n<div align=\"justify\" style=\"background-color: white; line-height: 1.65em; margin-bottom: 1.5em; padding: 0px; text-align: justify;\"><span style=\"font-family: Verdana, sans-serif;\">Tamb\u00e9m presente na mesa de abertura, o professor M\u00e1ximo Sozzo destacou: \u201cTentamos neste semin\u00e1rio transpor fronteiras que s\u00e3o muito importantes para um olhar cr\u00edtico sobre a quest\u00e3o criminal na Am\u00e9rica Latina, como a fronteira nacional e acad\u00eamica\u201d.<\/span><\/div>\n<div align=\"justify\" style=\"background-color: white; line-height: 1.65em; margin-bottom: 1.5em; padding: 0px; text-align: justify;\"><span style=\"font-family: Verdana, sans-serif;\">Em seguida, teve in\u00edcio a primeira mesa de palestras do dia que recebeu a soci\u00f3loga e coordenadora do evento, Vera Malagutti, os professores S\u00e9rgio Salom\u00e3o Schecaria e Lola Aniyar Castri e foi mediada pela professora Fernanda Goulart Lamar\u00e3o. Na parte da tarde, o encontro recebeu os professores Juarez Cirino dos Santos, Gabriel Ignacio Anitua, Vera Andrade e como mediador o professor Paulo Mendes.<\/span><\/div>\n<div align=\"justify\" style=\"background-color: white; line-height: 1.65em; margin-bottom: 1.5em; padding: 0px; text-align: justify;\"><span style=\"font-family: Verdana, sans-serif;\">No dia 16 de dezembro, o semin\u00e1rio teve in\u00edcio com a mesa composta pelos professores Juan Pegoraro, Salo Carvalho, Maur\u00edcio Dieter e foi mediada pela professora J\u00falia Valente. A tarde foi dedicada ao relat\u00f3rio dos trabalhos inscritos, pelos professores Davi Tangerino e Roberta Pedrinha. J\u00e1 o encerramento do semin\u00e1rio foi realizado pelo professor e coordenador do evento, Maximo Sozzo.<\/span><\/div>\n<div align=\"justify\" style=\"background-color: white; line-height: 1.65em; margin-bottom: 1.5em; padding: 0px; text-align: justify;\"><b><span style=\"font-family: Verdana, sans-serif;\">O Semin\u00e1rio encontra-se dispon\u00edvel atrav\u00e9s do link. <a href=\"http:\/\/www.emerj.tjrj.jus.br\/paginas\/eventosgravados\/2015\/seminario-internacional-critica-e-questao-criminal-na-america-latina\/seminario-internacional-critica-e-questao-criminal-na-america-latina.html\" target=\"_blank\">Clicando aqui<\/a>.<\/span><\/b><\/div>\n<div data-href=\"http:\/\/direitopenaledemocracia.blogspot.com.br\" data-width=\"439\"><\/div>\n","protected":false},"excerpt":{"rendered":"<p>Escola de Magistratura do Estado do Rio de Janeiro sediou durante os dias 15 e 16 de dezembro o semin\u00e1rio Internacional \u201cCr\u00edtica e Quest\u00e3o Criminal na Am\u00e9rica Latina: Balan\u00e7o e Perspectivas\u201d. Realizado no audit\u00f3rio Antonio Carlos Amorim, o encontro foi organizado pelo presidente do F\u00f3rum Permanente de Direitos Humanos, juiz Rubens Casara, pela soci\u00f3loga e [&hellip;]<\/p>\n","protected":false},"author":2,"featured_media":0,"comment_status":"open","ping_status":"open","sticky":false,"template":"","format":"standard","meta":{"_et_pb_use_builder":"","_et_pb_old_content":"","_et_gb_content_width":""},"categories":[3],"tags":[],"_links":{"self":[{"href":"https:\/\/direitopenaledemocracia.ufpa.br\/index.php\/wp-json\/wp\/v2\/posts\/106"}],"collection":[{"href":"https:\/\/direitopenaledemocracia.ufpa.br\/index.php\/wp-json\/wp\/v2\/posts"}],"about":[{"href":"https:\/\/direitopenaledemocracia.ufpa.br\/index.php\/wp-json\/wp\/v2\/types\/post"}],"author":[{"embeddable":true,"href":"https:\/\/direitopenaledemocracia.ufpa.br\/index.php\/wp-json\/wp\/v2\/users\/2"}],"replies":[{"embeddable":true,"href":"https:\/\/direitopenaledemocracia.ufpa.br\/index.php\/wp-json\/wp\/v2\/comments?post=106"}],"version-history":[{"count":0,"href":"https:\/\/direitopenaledemocracia.ufpa.br\/index.php\/wp-json\/wp\/v2\/posts\/106\/revisions"}],"wp:attachment":[{"href":"https:\/\/direitopenaledemocracia.ufpa.br\/index.php\/wp-json\/wp\/v2\/media?parent=106"}],"wp:term":[{"taxonomy":"category","embeddable":true,"href":"https:\/\/direitopenaledemocracia.ufpa.br\/index.php\/wp-json\/wp\/v2\/categories?post=106"},{"taxonomy":"post_tag","embeddable":true,"href":"https:\/\/direitopenaledemocracia.ufpa.br\/index.php\/wp-json\/wp\/v2\/tags?post=106"}],"curies":[{"name":"wp","href":"https:\/\/api.w.org\/{rel}","templated":true}]}}